


{"id":4254,"date":"2022-01-01T05:38:07","date_gmt":"2022-01-01T05:38:07","guid":{"rendered":"https:\/\/komora.me\/uncategorized\/grupacija-ugostitelja"},"modified":"2025-07-21T12:01:47","modified_gmt":"2025-07-21T12:01:47","slug":"grupacija-ugostitelja","status":"publish","type":"post","link":"https:\/\/komora.me\/en\/cem\/grupacija-ugostitelja","title":{"rendered":"Hospitality industry grouping"},"content":{"rendered":"<p>Secretary of the grouping is:<br \/>\nSanja Markovi\u0107 <a href=\"mailto:smarkovic@pkcg.org\" target=\"_blank\" rel=\"noopener\">smarkovic@pkcg.org<\/a><\/p>\n<p><strong>Members:<\/strong><\/p>\n<ol>\n<li>Igor Vujo\u0161evi\u0107, <em>president<\/em>, <a href=\"https:\/\/www.hotelhemera.com\/\" target=\"_blank\" rel=\"noopener\">Nemesis doo Podgorica<\/a><\/li>\n<li>Petar Vukoti\u0107, <a href=\"https:\/\/www.facebook.com\/AlpeBar\" target=\"_blank\" rel=\"noopener\">Alpe Commerce doo Podgorica<\/a><\/li>\n<li>Haris \u0160ahmanovi\u0107, <a href=\"https:\/\/www.facebook.com\/aquaresortplav.me\" target=\"_blank\" rel=\"noopener\">Aqua Resort doo Plav<\/a><\/li>\n<li>Vernes Zagora, <a href=\"https:\/\/b2bar.me\/\" target=\"_blank\" rel=\"noopener\">B2B doo Bar<\/a><\/li>\n<li>Sava Rako\u010devi\u0107, <a href=\"https:\/\/cultureclub.me\/\" target=\"_blank\" rel=\"noopener\">Brca doo Podgorica<\/a><\/li>\n<li>Vladan Vu\u010deti\u0107, <a href=\"https:\/\/www.facebook.com\/pages\/category\/Local-business\/Cameleon-Club-115476862391506\/\" target=\"_blank\" rel=\"noopener\">Cameleon doo Pljevlja<\/a><\/li>\n<li>Carinvest doo<\/li>\n<li>Krsto Petri\u0107, Center doo Podgorica<\/li>\n<li>\u0106azim Hod\u017ei\u0107, Credo doo Ulcinj<\/li>\n<li>Vaso Vukovi\u0107, <a href=\"http:\/\/diamondpak.me\/\" target=\"_blank\" rel=\"noopener\">Diamond Pak doo Podgorica<\/a><\/li>\n<li>Goran Ze\u010devi\u0107, Evropa Lux doo Berane<\/li>\n<li>Igor Begovi\u0107, <a href=\"http:\/\/www.explorer.co.me\/\" target=\"_blank\" rel=\"noopener\">Explorer doo Kola\u0161in (Restoran Crno jezero \u017dabljak)<\/a><\/li>\n<li>Dejan Davidovi\u0107, Food Style MNE doo Tivat<\/li>\n<li>Goran Sekuli\u0107, <a href=\"https:\/\/www.gradska.me\/\" target=\"_blank\" rel=\"noopener\">Gradska Cetinje doo Cetinje<\/a><\/li>\n<li>Jelena \u0160\u0107epanovi\u0107, <a href=\"https:\/\/verige65.com\/\" target=\"_blank\" rel=\"noopener\">Hefesta doo Herceg Novi<\/a><\/li>\n<li>Marko \u0110eljo\u0161aj, Iliria Company doo Tuzi<\/li>\n<li>Rade Vukovi\u0107, <a href=\"http:\/\/www.zvono.me\/\" target=\"_blank\" rel=\"noopener\">Jazz Zvono doo Plu\u017eine<\/a><\/li>\n<li>Darko Kasalica, Kastel doo Podgorica<\/li>\n<li>Ne\u0111eljko Jeremi\u0107, Lu Monte doo Bijelo Polje<\/li>\n<li>Bojan Joketi\u0107, Mibost &#8211; Joketi\u0107 doo Kotor<\/li>\n<li>Nemanja Grbovi\u0107, <a href=\"https:\/\/www.facebook.com\/munchenbeerhouse\" target=\"_blank\" rel=\"noopener\">Minhen doo Podgorica<\/a><\/li>\n<li>Nikola Buzdovan, <a href=\"https:\/\/restoranporto.com\/\" target=\"_blank\" rel=\"noopener\">Morski talas doo Budva<\/a><\/li>\n<li>Krsto Niklanovi\u0107, <a href=\"http:\/\/restaurantjadran.me\/\" target=\"_blank\" rel=\"noopener\">Niklanovi\u0107 doo Budva<\/a><\/li>\n<li>Aleksandar Tomovi\u0107, <a href=\"http:\/\/www.pekarasicilia.me\/\" target=\"_blank\" rel=\"noopener\">Panevivo doo Podgorica<\/a><\/li>\n<li>Tripko Krgovi\u0107, Pippo&#8217;s Yacht Supplies doo Tivat<\/li>\n<li>Dijana Bulatovi\u0107, <a href=\"https:\/\/www.kolasin1450.com\/\" target=\"_blank\" rel=\"noopener\">Ski resort &#8211; Kola\u0161in 1450 AD Kola\u0161in<\/a><\/li>\n<li>Djor\u0111e \u0106upi\u0107, Stadio doo Podgorica<\/li>\n<li>Danilo Vu\u010dini\u0107, <a href=\"https:\/\/www.facebook.com\/RestoranMost\/\" target=\"_blank\" rel=\"noopener\">Tara Turist doo Mojkovac<\/a><\/li>\n<li>Luka Vu\u010dkovi\u0107, Veluza doo Budva<\/li>\n<li>Darko \u0106ori\u0107, <a href=\"http:\/\/www.vucje.me\/\" target=\"_blank\" rel=\"noopener\">Vu\u010dje doo Nik\u0161i\u0107<\/a><\/li>\n<\/ol>\n","protected":false},"excerpt":{"rendered":"<p>Secretary of the grouping is: Sanja Markovi\u0107 smarkovic@pkcg.org Members: Igor Vujo\u0161evi\u0107, president, Nemesis doo Podgorica Petar Vukoti\u0107, Alpe Commerce doo Podgorica Haris \u0160ahmanovi\u0107, Aqua Resort doo Plav Vernes Zagora, B2B doo Bar Sava Rako\u010devi\u0107, Brca doo Podgorica Vladan Vu\u010deti\u0107, Cameleon doo Pljevlja Carinvest doo Krsto Petri\u0107, Center doo Podgorica \u0106azim Hod\u017ei\u0107, Credo doo Ulcinj Vaso Vukovi\u0107, Diamond Pak doo Podgorica Goran Ze\u010devi\u0107, Evropa Lux doo Berane Igor Begovi\u0107, Explorer doo Kola\u0161in (Restoran Crno jezero \u017dabljak) Dejan Davidovi\u0107, Food Style MNE doo Tivat Goran Sekuli\u0107, Gradska Cetinje doo Cetinje Jelena \u0160\u0107epanovi\u0107, Hefesta doo Herceg Novi Marko \u0110eljo\u0161aj, Iliria Company doo Tuzi [&hellip;]<\/p>\n","protected":false},"author":2,"featured_media":4024,"comment_status":"open","ping_status":"open","sticky":false,"template":"","format":"standard","meta":{"footnotes":""},"categories":[111],"tags":[],"class_list":["post-4254","post","type-post","status-publish","format-standard","has-post-thumbnail","hentry","category-cem"],"acf":[],"yoast_head":"<!-- This site is optimized with the Yoast SEO plugin v26.3 - https:\/\/yoast.com\/wordpress\/plugins\/seo\/ -->\n<title>Hospitality industry grouping - Privredna komora Crne Gore<\/title>\n<meta name=\"robots\" content=\"index, follow, max-snippet:-1, max-image-preview:large, max-video-preview:-1\" \/>\n<link rel=\"canonical\" href=\"https:\/\/komora.me\/en\/cem\/grupacija-ugostitelja\" \/>\n<meta property=\"og:locale\" content=\"en_US\" \/>\n<meta property=\"og:type\" content=\"article\" \/>\n<meta property=\"og:title\" content=\"Hospitality industry grouping - Privredna komora Crne Gore\" \/>\n<meta property=\"og:description\" content=\"Secretary of the grouping is: Sanja Markovi\u0107 smarkovic@pkcg.org Members: Igor Vujo\u0161evi\u0107, president, Nemesis doo Podgorica Petar Vukoti\u0107, Alpe Commerce doo Podgorica Haris \u0160ahmanovi\u0107, Aqua Resort doo Plav Vernes Zagora, B2B doo Bar Sava Rako\u010devi\u0107, Brca doo Podgorica Vladan Vu\u010deti\u0107, Cameleon doo Pljevlja Carinvest doo Krsto Petri\u0107, Center doo Podgorica \u0106azim Hod\u017ei\u0107, Credo doo Ulcinj Vaso Vukovi\u0107, Diamond Pak doo Podgorica Goran Ze\u010devi\u0107, Evropa Lux doo Berane Igor Begovi\u0107, Explorer doo Kola\u0161in (Restoran Crno jezero \u017dabljak) Dejan Davidovi\u0107, Food Style MNE doo Tivat Goran Sekuli\u0107, Gradska Cetinje doo Cetinje Jelena \u0160\u0107epanovi\u0107, Hefesta doo Herceg Novi Marko \u0110eljo\u0161aj, Iliria Company doo Tuzi [&hellip;]\" \/>\n<meta property=\"og:url\" content=\"https:\/\/komora.me\/en\/cem\/grupacija-ugostitelja\" \/>\n<meta property=\"og:site_name\" content=\"Privredna komora Crne Gore\" \/>\n<meta property=\"article:published_time\" content=\"2022-01-01T05:38:07+00:00\" \/>\n<meta property=\"article:modified_time\" content=\"2025-07-21T12:01:47+00:00\" \/>\n<meta property=\"og:image\" content=\"https:\/\/komora.me\/wp-content\/uploads\/2022\/01\/ugostitelji-scaled.jpg\" \/>\n\t<meta property=\"og:image:width\" content=\"2560\" \/>\n\t<meta property=\"og:image:height\" content=\"1434\" \/>\n\t<meta property=\"og:image:type\" content=\"image\/jpeg\" \/>\n<meta name=\"author\" content=\"Novica Bulatovic\" \/>\n<meta name=\"twitter:card\" content=\"summary_large_image\" \/>\n<meta name=\"twitter:label1\" content=\"Written by\" \/>\n\t<meta name=\"twitter:data1\" content=\"Novica Bulatovic\" \/>\n\t<meta name=\"twitter:label2\" content=\"Est. reading time\" \/>\n\t<meta name=\"twitter:data2\" content=\"2 minutes\" \/>\n<script type=\"application\/ld+json\" class=\"yoast-schema-graph\">{\"@context\":\"https:\/\/schema.org\",\"@graph\":[{\"@type\":\"WebPage\",\"@id\":\"https:\/\/komora.me\/en\/cem\/grupacija-ugostitelja\",\"url\":\"https:\/\/komora.me\/en\/cem\/grupacija-ugostitelja\",\"name\":\"Hospitality industry grouping - Privredna komora Crne Gore\",\"isPartOf\":{\"@id\":\"https:\/\/komora.me\/#website\"},\"primaryImageOfPage\":{\"@id\":\"https:\/\/komora.me\/en\/cem\/grupacija-ugostitelja#primaryimage\"},\"image\":{\"@id\":\"https:\/\/komora.me\/en\/cem\/grupacija-ugostitelja#primaryimage\"},\"thumbnailUrl\":\"https:\/\/komora.me\/wp-content\/uploads\/2022\/01\/ugostitelji-scaled.jpg\",\"datePublished\":\"2022-01-01T05:38:07+00:00\",\"dateModified\":\"2025-07-21T12:01:47+00:00\",\"author\":{\"@id\":\"https:\/\/komora.me\/#\/schema\/person\/8bf49153d7057c37be8f8aa0cc4ab5d5\"},\"breadcrumb\":{\"@id\":\"https:\/\/komora.me\/en\/cem\/grupacija-ugostitelja#breadcrumb\"},\"inLanguage\":\"en-US\",\"potentialAction\":[{\"@type\":\"ReadAction\",\"target\":[\"https:\/\/komora.me\/en\/cem\/grupacija-ugostitelja\"]}]},{\"@type\":\"ImageObject\",\"inLanguage\":\"en-US\",\"@id\":\"https:\/\/komora.me\/en\/cem\/grupacija-ugostitelja#primaryimage\",\"url\":\"https:\/\/komora.me\/wp-content\/uploads\/2022\/01\/ugostitelji-scaled.jpg\",\"contentUrl\":\"https:\/\/komora.me\/wp-content\/uploads\/2022\/01\/ugostitelji-scaled.jpg\",\"width\":2560,\"height\":1434},{\"@type\":\"BreadcrumbList\",\"@id\":\"https:\/\/komora.me\/en\/cem\/grupacija-ugostitelja#breadcrumb\",\"itemListElement\":[{\"@type\":\"ListItem\",\"position\":1,\"name\":\"Home\",\"item\":\"https:\/\/komora.me\/en\"},{\"@type\":\"ListItem\",\"position\":2,\"name\":\"Hospitality industry grouping\"}]},{\"@type\":\"WebSite\",\"@id\":\"https:\/\/komora.me\/#website\",\"url\":\"https:\/\/komora.me\/\",\"name\":\"Privredna komora Crne Gore\",\"description\":\"\",\"potentialAction\":[{\"@type\":\"SearchAction\",\"target\":{\"@type\":\"EntryPoint\",\"urlTemplate\":\"https:\/\/komora.me\/?s={search_term_string}\"},\"query-input\":{\"@type\":\"PropertyValueSpecification\",\"valueRequired\":true,\"valueName\":\"search_term_string\"}}],\"inLanguage\":\"en-US\"},{\"@type\":\"Person\",\"@id\":\"https:\/\/komora.me\/#\/schema\/person\/8bf49153d7057c37be8f8aa0cc4ab5d5\",\"name\":\"Novica Bulatovic\",\"image\":{\"@type\":\"ImageObject\",\"inLanguage\":\"en-US\",\"@id\":\"https:\/\/komora.me\/#\/schema\/person\/image\/\",\"url\":\"https:\/\/secure.gravatar.com\/avatar\/4e7f0282cc30a736a072a0b30526a178e93eac68441ee90800d6e914b94feba1?s=96&d=mm&r=g\",\"contentUrl\":\"https:\/\/secure.gravatar.com\/avatar\/4e7f0282cc30a736a072a0b30526a178e93eac68441ee90800d6e914b94feba1?s=96&d=mm&r=g\",\"caption\":\"Novica Bulatovic\"},\"url\":\"https:\/\/komora.me\/en\/author\/novica\"}]}<\/script>\n<!-- \/ Yoast SEO plugin. -->","yoast_head_json":{"title":"Hospitality industry grouping - Privredna komora Crne Gore","robots":{"index":"index","follow":"follow","max-snippet":"max-snippet:-1","max-image-preview":"max-image-preview:large","max-video-preview":"max-video-preview:-1"},"canonical":"https:\/\/komora.me\/en\/cem\/grupacija-ugostitelja","og_locale":"en_US","og_type":"article","og_title":"Hospitality industry grouping - Privredna komora Crne Gore","og_description":"Secretary of the grouping is: Sanja Markovi\u0107 smarkovic@pkcg.org Members: Igor Vujo\u0161evi\u0107, president, Nemesis doo Podgorica Petar Vukoti\u0107, Alpe Commerce doo Podgorica Haris \u0160ahmanovi\u0107, Aqua Resort doo Plav Vernes Zagora, B2B doo Bar Sava Rako\u010devi\u0107, Brca doo Podgorica Vladan Vu\u010deti\u0107, Cameleon doo Pljevlja Carinvest doo Krsto Petri\u0107, Center doo Podgorica \u0106azim Hod\u017ei\u0107, Credo doo Ulcinj Vaso Vukovi\u0107, Diamond Pak doo Podgorica Goran Ze\u010devi\u0107, Evropa Lux doo Berane Igor Begovi\u0107, Explorer doo Kola\u0161in (Restoran Crno jezero \u017dabljak) Dejan Davidovi\u0107, Food Style MNE doo Tivat Goran Sekuli\u0107, Gradska Cetinje doo Cetinje Jelena \u0160\u0107epanovi\u0107, Hefesta doo Herceg Novi Marko \u0110eljo\u0161aj, Iliria Company doo Tuzi [&hellip;]","og_url":"https:\/\/komora.me\/en\/cem\/grupacija-ugostitelja","og_site_name":"Privredna komora Crne Gore","article_published_time":"2022-01-01T05:38:07+00:00","article_modified_time":"2025-07-21T12:01:47+00:00","og_image":[{"width":2560,"height":1434,"url":"https:\/\/komora.me\/wp-content\/uploads\/2022\/01\/ugostitelji-scaled.jpg","type":"image\/jpeg"}],"author":"Novica Bulatovic","twitter_card":"summary_large_image","twitter_misc":{"Written by":"Novica Bulatovic","Est. reading time":"2 minutes"},"schema":{"@context":"https:\/\/schema.org","@graph":[{"@type":"WebPage","@id":"https:\/\/komora.me\/en\/cem\/grupacija-ugostitelja","url":"https:\/\/komora.me\/en\/cem\/grupacija-ugostitelja","name":"Hospitality industry grouping - Privredna komora Crne Gore","isPartOf":{"@id":"https:\/\/komora.me\/#website"},"primaryImageOfPage":{"@id":"https:\/\/komora.me\/en\/cem\/grupacija-ugostitelja#primaryimage"},"image":{"@id":"https:\/\/komora.me\/en\/cem\/grupacija-ugostitelja#primaryimage"},"thumbnailUrl":"https:\/\/komora.me\/wp-content\/uploads\/2022\/01\/ugostitelji-scaled.jpg","datePublished":"2022-01-01T05:38:07+00:00","dateModified":"2025-07-21T12:01:47+00:00","author":{"@id":"https:\/\/komora.me\/#\/schema\/person\/8bf49153d7057c37be8f8aa0cc4ab5d5"},"breadcrumb":{"@id":"https:\/\/komora.me\/en\/cem\/grupacija-ugostitelja#breadcrumb"},"inLanguage":"en-US","potentialAction":[{"@type":"ReadAction","target":["https:\/\/komora.me\/en\/cem\/grupacija-ugostitelja"]}]},{"@type":"ImageObject","inLanguage":"en-US","@id":"https:\/\/komora.me\/en\/cem\/grupacija-ugostitelja#primaryimage","url":"https:\/\/komora.me\/wp-content\/uploads\/2022\/01\/ugostitelji-scaled.jpg","contentUrl":"https:\/\/komora.me\/wp-content\/uploads\/2022\/01\/ugostitelji-scaled.jpg","width":2560,"height":1434},{"@type":"BreadcrumbList","@id":"https:\/\/komora.me\/en\/cem\/grupacija-ugostitelja#breadcrumb","itemListElement":[{"@type":"ListItem","position":1,"name":"Home","item":"https:\/\/komora.me\/en"},{"@type":"ListItem","position":2,"name":"Hospitality industry grouping"}]},{"@type":"WebSite","@id":"https:\/\/komora.me\/#website","url":"https:\/\/komora.me\/","name":"Privredna komora Crne Gore","description":"","potentialAction":[{"@type":"SearchAction","target":{"@type":"EntryPoint","urlTemplate":"https:\/\/komora.me\/?s={search_term_string}"},"query-input":{"@type":"PropertyValueSpecification","valueRequired":true,"valueName":"search_term_string"}}],"inLanguage":"en-US"},{"@type":"Person","@id":"https:\/\/komora.me\/#\/schema\/person\/8bf49153d7057c37be8f8aa0cc4ab5d5","name":"Novica Bulatovic","image":{"@type":"ImageObject","inLanguage":"en-US","@id":"https:\/\/komora.me\/#\/schema\/person\/image\/","url":"https:\/\/secure.gravatar.com\/avatar\/4e7f0282cc30a736a072a0b30526a178e93eac68441ee90800d6e914b94feba1?s=96&d=mm&r=g","contentUrl":"https:\/\/secure.gravatar.com\/avatar\/4e7f0282cc30a736a072a0b30526a178e93eac68441ee90800d6e914b94feba1?s=96&d=mm&r=g","caption":"Novica Bulatovic"},"url":"https:\/\/komora.me\/en\/author\/novica"}]}},"_links":{"self":[{"href":"https:\/\/komora.me\/en\/wp-json\/wp\/v2\/posts\/4254","targetHints":{"allow":["GET"]}}],"collection":[{"href":"https:\/\/komora.me\/en\/wp-json\/wp\/v2\/posts"}],"about":[{"href":"https:\/\/komora.me\/en\/wp-json\/wp\/v2\/types\/post"}],"author":[{"embeddable":true,"href":"https:\/\/komora.me\/en\/wp-json\/wp\/v2\/users\/2"}],"replies":[{"embeddable":true,"href":"https:\/\/komora.me\/en\/wp-json\/wp\/v2\/comments?post=4254"}],"version-history":[{"count":5,"href":"https:\/\/komora.me\/en\/wp-json\/wp\/v2\/posts\/4254\/revisions"}],"predecessor-version":[{"id":15468,"href":"https:\/\/komora.me\/en\/wp-json\/wp\/v2\/posts\/4254\/revisions\/15468"}],"wp:featuredmedia":[{"embeddable":true,"href":"https:\/\/komora.me\/en\/wp-json\/wp\/v2\/media\/4024"}],"wp:attachment":[{"href":"https:\/\/komora.me\/en\/wp-json\/wp\/v2\/media?parent=4254"}],"wp:term":[{"taxonomy":"category","embeddable":true,"href":"https:\/\/komora.me\/en\/wp-json\/wp\/v2\/categories?post=4254"},{"taxonomy":"post_tag","embeddable":true,"href":"https:\/\/komora.me\/en\/wp-json\/wp\/v2\/tags?post=4254"}],"curies":[{"name":"wp","href":"https:\/\/api.w.org\/{rel}","templated":true}]}}