


{"id":15371,"date":"2022-01-01T07:13:42","date_gmt":"2022-01-01T07:13:42","guid":{"rendered":"https:\/\/komora.me\/uncategorized\/koordinacioni-odbor-za-digitalnu-transformaciju"},"modified":"2025-07-18T11:04:45","modified_gmt":"2025-07-18T11:04:45","slug":"koordinacioni-odbor-za-digitalnu-transformaciju","status":"publish","type":"post","link":"https:\/\/komora.me\/en\/cem\/koordinacioni-odbor-za-digitalnu-transformaciju","title":{"rendered":"Coordination Board for Digital Transformation"},"content":{"rendered":"<p>Secretary of the Coordination Board for Digital Transformation:<br \/>\nNada Rako\u010devi\u0107 <a href=\"mailto:nrakocevic@pkcg.org\" target=\"_blank\" rel=\"noopener\">nrakocevic@pkcg.org<\/a><\/p>\n<p><strong>Members:<\/strong><\/p>\n<ol>\n<li>Du\u0161an Radusinovi\u0107, <em>predsjednik<\/em>, <a href=\"https:\/\/mtel.me\/\" target=\"_blank\" rel=\"noopener\">MTEL<\/a><\/li>\n<li>Anja Ademovi\u0107,<em> zamjenica predsjednika<\/em>, <a href=\"https:\/\/digitalden.me\/\" target=\"_blank\" rel=\"noopener\">Startup ekosistem (Digital Den)<\/a><\/li>\n<li>Branimir Bukili\u0107, OU ICT, <a href=\"http:\/\/www.datadesign.me\/\" target=\"_blank\" rel=\"noopener\">Data Design<\/a><\/li>\n<li>Armend Milla, <a href=\"https:\/\/www.gov.me\/mek\" target=\"_blank\" rel=\"noopener\">Ministarstvo ekonomskog razvoja i turizma<\/a><\/li>\n<li>Bojana Baji\u0107, <a href=\"https:\/\/www.gov.me\/mif\" target=\"_blank\" rel=\"noopener\">Ministarstvo finansija<\/a><\/li>\n<li>Branko Mitrovi\u0107, <a href=\"https:\/\/1.me\/\" target=\"_blank\" rel=\"noopener\">ONE1<\/a><\/li>\n<li>Danko Obradovi\u0107, <a href=\"https:\/\/www.poslodavci.org\/\" target=\"_blank\" rel=\"noopener\">Odbor za digitalnu transformaciju Unije poslodavaca<\/a><\/li>\n<li>Darko Globarevi\u0107, OU \u0161peditera, <a href=\"https:\/\/www.zetatrans.co.me\/\" target=\"_blank\" rel=\"noopener\">Zetatrans\u00a0<\/a><\/li>\n<li>Darko Grgurovi\u0107, <a href=\"https:\/\/ekip.me\/\" target=\"_blank\" rel=\"noopener\">Agencija za elektronske komunikacije i po\u0161tansku djelatnost<\/a><\/li>\n<li>Igor Banovi\u0107, OU saobra\u0107aja, <a href=\"http:\/\/www.jadropilot.com\/\" target=\"_blank\" rel=\"noopener\">Jadro Pilot and Tug Services<\/a><\/li>\n<li>Dra\u017een Rai\u010dkovi\u0107, <a href=\"http:\/\/amm.co.me\/\" target=\"_blank\" rel=\"noopener\">Odbor za digitalnu transformaciju AMM<\/a><\/li>\n<li>D\u017eevad Puri\u0161i\u0107 \u2013 <a href=\"https:\/\/www.gov.me\/mju\" target=\"_blank\" rel=\"noopener\">Ministarstvo javne uprave<\/a><\/li>\n<li>Radenko Vujo\u0161evi\u0107, OU komunalne privrede, <a href=\"https:\/\/komunalnolim.me\/doo\/\" target=\"_blank\" rel=\"noopener\">Komunalno \u2013 Lim<\/a><\/li>\n<li>Ivan Bojanovi\u0107, <a href=\"https:\/\/mfic.me\/montenegro\" target=\"_blank\" rel=\"noopener\">ICT komitet Savjeta stranih investitora<\/a><\/li>\n<li>Jovan Leki\u0107, OU trgovine, <a href=\"http:\/\/www.nall.me\" target=\"_blank\" rel=\"noopener\">Nall International<\/a><\/li>\n<li>Maja Dragojevi\u0107, Savjet za elektronsku upravu<\/li>\n<li>Marijeta Barjaktarevi\u0107 Lazardi, <a href=\"https:\/\/www.gov.me\/mntr\" target=\"_blank\" rel=\"noopener\">Ministarstvo nauke i tehnolo\u0161kog razvoja<\/a><\/li>\n<li>Marko Miro\u010devi\u0107, <a href=\"http:\/\/www.amcham.me\/\" target=\"_blank\" rel=\"noopener\">Komitet za digitalnu transformaciju AmCham<\/a><\/li>\n<li>Mile Guji\u0107, OU gra\u0111evinarstva i industrije gra\u0111evinskih materijala, <a href=\"http:\/\/www.normalcompany.me\" target=\"_blank\" rel=\"noopener\">Normal Company<\/a><\/li>\n<li>Milo\u0161 Miketi\u0107, OU bankarstva i drugih finansijskih organizacija i osiguranja, <a href=\"http:\/\/lovcenbanka.me\/\" target=\"_blank\" rel=\"noopener\">Lov\u0107en banka AD<\/a><\/li>\n<li>Milovan Gojkovi\u0107, OU \u0161umarstva, drvne industrije, grafi\u010dke i izdava\u010dke djelatnosti, Boj-commerce<\/li>\n<li>Milutin \u0110uranovi\u0107, OU poljoprivrede i prehrambene industrije, <a href=\"https:\/\/mljekaralazine.me\/\" target=\"_blank\" rel=\"noopener\">\u0160im\u0161i\u0107-Montmilk<\/a><\/li>\n<li>Ivan Bulatovi\u0107, OU energetike i rudarstva, <a href=\"https:\/\/www.seecao.com\/\" target=\"_blank\" rel=\"noopener\">SEECAO<\/a><\/li>\n<li>Nikola Vujovi\u0107, <a href=\"https:\/\/komora.me\/en\" target=\"_blank\" rel=\"noopener\">Privredna komora Crne Gore<\/a><\/li>\n<li>Predrag Stani\u0161i\u0107, <a href=\"https:\/\/www.ucg.ac.me\/\" target=\"_blank\" rel=\"noopener\">Univerzitet Crne Gore\u00a0<\/a><\/li>\n<li>Ranko Jovovi\u0107, OU turizma i ugostiteljstva, <a href=\"http:\/\/www.hotelonogost.com\/\" target=\"_blank\" rel=\"noopener\">Comp &#8211; Comerc<\/a><\/li>\n<li>Slobodan Stani\u0107, OU metalurgije i metaloprera\u0111iva\u010dke industrije, <a href=\"https:\/\/www.facebook.com\/RemidVis\/\" target=\"_blank\" rel=\"noopener\">Remid Vis<\/a><\/li>\n<li>Aleksandar Mini\u0107, OU malih i srednjih preduze\u0107a i preduzetnika, Boster<\/li>\n<li>Sr\u0111an Damjanovi\u0107, Savjet za sajber bezbjednost<\/li>\n<li>Tanja Bokan, <a href=\"https:\/\/telekom.me\/\" target=\"_blank\" rel=\"noopener\">Crnogorski telekom<\/a><\/li>\n<li>Tomo Popovi\u0107, <a href=\"https:\/\/www.udg.edu.me\/\" target=\"_blank\" rel=\"noopener\">Univerzitet Donja Gorica<\/a><\/li>\n<li>Vesna Puri\u0107, <a href=\"https:\/\/ictcortex.me\/\" target=\"_blank\" rel=\"noopener\">ICT Cortex<\/a><\/li>\n<li><a href=\"https:\/\/www.gov.me\/mps\" target=\"_blank\" rel=\"noopener\">Ministarstvo prosvjete<\/a><\/li>\n<li><a href=\"https:\/\/unimediteran.net\/\" target=\"_blank\" rel=\"noopener\">Univerzitet Mediteran<\/a><\/li>\n<\/ol>\n","protected":false},"excerpt":{"rendered":"<p>Secretary of the Coordination Board for Digital Transformation: Nada Rako\u010devi\u0107 nrakocevic@pkcg.org Members: Du\u0161an Radusinovi\u0107, predsjednik, MTEL Anja Ademovi\u0107, zamjenica predsjednika, Startup ekosistem (Digital Den) Branimir Bukili\u0107, OU ICT, Data Design Armend Milla, Ministarstvo ekonomskog razvoja i turizma Bojana Baji\u0107, Ministarstvo finansija Branko Mitrovi\u0107, ONE1 Danko Obradovi\u0107, Odbor za digitalnu transformaciju Unije poslodavaca Darko Globarevi\u0107, OU \u0161peditera, Zetatrans\u00a0 Darko Grgurovi\u0107, Agencija za elektronske komunikacije i po\u0161tansku djelatnost Igor Banovi\u0107, OU saobra\u0107aja, Jadro Pilot and Tug Services Dra\u017een Rai\u010dkovi\u0107, Odbor za digitalnu transformaciju AMM D\u017eevad Puri\u0161i\u0107 \u2013 Ministarstvo javne uprave Radenko Vujo\u0161evi\u0107, OU komunalne privrede, Komunalno \u2013 Lim Ivan Bojanovi\u0107, ICT komitet [&hellip;]<\/p>\n","protected":false},"author":1,"featured_media":7329,"comment_status":"open","ping_status":"open","sticky":false,"template":"","format":"standard","meta":{"footnotes":""},"categories":[111],"tags":[],"class_list":["post-15371","post","type-post","status-publish","format-standard","has-post-thumbnail","hentry","category-cem"],"acf":[],"yoast_head":"<!-- This site is optimized with the Yoast SEO plugin v26.3 - https:\/\/yoast.com\/wordpress\/plugins\/seo\/ -->\n<title>Coordination Board for Digital Transformation - Privredna komora Crne Gore<\/title>\n<meta name=\"robots\" content=\"index, follow, max-snippet:-1, max-image-preview:large, max-video-preview:-1\" \/>\n<link rel=\"canonical\" href=\"https:\/\/komora.me\/en\/cem\/koordinacioni-odbor-za-digitalnu-transformaciju\" \/>\n<meta property=\"og:locale\" content=\"en_US\" \/>\n<meta property=\"og:type\" content=\"article\" \/>\n<meta property=\"og:title\" content=\"Coordination Board for Digital Transformation - Privredna komora Crne Gore\" \/>\n<meta property=\"og:description\" content=\"Secretary of the Coordination Board for Digital Transformation: Nada Rako\u010devi\u0107 nrakocevic@pkcg.org Members: Du\u0161an Radusinovi\u0107, predsjednik, MTEL Anja Ademovi\u0107, zamjenica predsjednika, Startup ekosistem (Digital Den) Branimir Bukili\u0107, OU ICT, Data Design Armend Milla, Ministarstvo ekonomskog razvoja i turizma Bojana Baji\u0107, Ministarstvo finansija Branko Mitrovi\u0107, ONE1 Danko Obradovi\u0107, Odbor za digitalnu transformaciju Unije poslodavaca Darko Globarevi\u0107, OU \u0161peditera, Zetatrans\u00a0 Darko Grgurovi\u0107, Agencija za elektronske komunikacije i po\u0161tansku djelatnost Igor Banovi\u0107, OU saobra\u0107aja, Jadro Pilot and Tug Services Dra\u017een Rai\u010dkovi\u0107, Odbor za digitalnu transformaciju AMM D\u017eevad Puri\u0161i\u0107 \u2013 Ministarstvo javne uprave Radenko Vujo\u0161evi\u0107, OU komunalne privrede, Komunalno \u2013 Lim Ivan Bojanovi\u0107, ICT komitet [&hellip;]\" \/>\n<meta property=\"og:url\" content=\"https:\/\/komora.me\/en\/cem\/koordinacioni-odbor-za-digitalnu-transformaciju\" \/>\n<meta property=\"og:site_name\" content=\"Privredna komora Crne Gore\" \/>\n<meta property=\"article:published_time\" content=\"2022-01-01T07:13:42+00:00\" \/>\n<meta property=\"article:modified_time\" content=\"2025-07-18T11:04:45+00:00\" \/>\n<meta property=\"og:image\" content=\"https:\/\/komora.me\/wp-content\/uploads\/2023\/05\/wDSC_0077.jpg\" \/>\n\t<meta property=\"og:image:width\" content=\"660\" \/>\n\t<meta property=\"og:image:height\" content=\"440\" \/>\n\t<meta property=\"og:image:type\" content=\"image\/jpeg\" \/>\n<meta name=\"author\" content=\"admin\" \/>\n<meta name=\"twitter:card\" content=\"summary_large_image\" \/>\n<meta name=\"twitter:label1\" content=\"Written by\" \/>\n\t<meta name=\"twitter:data1\" content=\"admin\" \/>\n\t<meta name=\"twitter:label2\" content=\"Est. reading time\" \/>\n\t<meta name=\"twitter:data2\" content=\"2 minutes\" \/>\n<script type=\"application\/ld+json\" class=\"yoast-schema-graph\">{\"@context\":\"https:\/\/schema.org\",\"@graph\":[{\"@type\":\"WebPage\",\"@id\":\"https:\/\/komora.me\/en\/cem\/koordinacioni-odbor-za-digitalnu-transformaciju\",\"url\":\"https:\/\/komora.me\/en\/cem\/koordinacioni-odbor-za-digitalnu-transformaciju\",\"name\":\"Coordination Board for Digital Transformation - Privredna komora Crne Gore\",\"isPartOf\":{\"@id\":\"https:\/\/komora.me\/#website\"},\"primaryImageOfPage\":{\"@id\":\"https:\/\/komora.me\/en\/cem\/koordinacioni-odbor-za-digitalnu-transformaciju#primaryimage\"},\"image\":{\"@id\":\"https:\/\/komora.me\/en\/cem\/koordinacioni-odbor-za-digitalnu-transformaciju#primaryimage\"},\"thumbnailUrl\":\"https:\/\/komora.me\/wp-content\/uploads\/2023\/05\/wDSC_0077.jpg\",\"datePublished\":\"2022-01-01T07:13:42+00:00\",\"dateModified\":\"2025-07-18T11:04:45+00:00\",\"author\":{\"@id\":\"https:\/\/komora.me\/#\/schema\/person\/43ccfba8eedfb4e054149cad19756319\"},\"breadcrumb\":{\"@id\":\"https:\/\/komora.me\/en\/cem\/koordinacioni-odbor-za-digitalnu-transformaciju#breadcrumb\"},\"inLanguage\":\"en-US\",\"potentialAction\":[{\"@type\":\"ReadAction\",\"target\":[\"https:\/\/komora.me\/en\/cem\/koordinacioni-odbor-za-digitalnu-transformaciju\"]}]},{\"@type\":\"ImageObject\",\"inLanguage\":\"en-US\",\"@id\":\"https:\/\/komora.me\/en\/cem\/koordinacioni-odbor-za-digitalnu-transformaciju#primaryimage\",\"url\":\"https:\/\/komora.me\/wp-content\/uploads\/2023\/05\/wDSC_0077.jpg\",\"contentUrl\":\"https:\/\/komora.me\/wp-content\/uploads\/2023\/05\/wDSC_0077.jpg\",\"width\":660,\"height\":440},{\"@type\":\"BreadcrumbList\",\"@id\":\"https:\/\/komora.me\/en\/cem\/koordinacioni-odbor-za-digitalnu-transformaciju#breadcrumb\",\"itemListElement\":[{\"@type\":\"ListItem\",\"position\":1,\"name\":\"Home\",\"item\":\"https:\/\/komora.me\/en\"},{\"@type\":\"ListItem\",\"position\":2,\"name\":\"Coordination Board for Digital Transformation\"}]},{\"@type\":\"WebSite\",\"@id\":\"https:\/\/komora.me\/#website\",\"url\":\"https:\/\/komora.me\/\",\"name\":\"Privredna komora Crne Gore\",\"description\":\"\",\"potentialAction\":[{\"@type\":\"SearchAction\",\"target\":{\"@type\":\"EntryPoint\",\"urlTemplate\":\"https:\/\/komora.me\/?s={search_term_string}\"},\"query-input\":{\"@type\":\"PropertyValueSpecification\",\"valueRequired\":true,\"valueName\":\"search_term_string\"}}],\"inLanguage\":\"en-US\"},{\"@type\":\"Person\",\"@id\":\"https:\/\/komora.me\/#\/schema\/person\/43ccfba8eedfb4e054149cad19756319\",\"name\":\"admin\",\"image\":{\"@type\":\"ImageObject\",\"inLanguage\":\"en-US\",\"@id\":\"https:\/\/komora.me\/#\/schema\/person\/image\/\",\"url\":\"https:\/\/secure.gravatar.com\/avatar\/4996fadaa67d1134d2ae12ae42d0bd19a0e1ad467ab84214f506651a3050a9e4?s=96&d=mm&r=g\",\"contentUrl\":\"https:\/\/secure.gravatar.com\/avatar\/4996fadaa67d1134d2ae12ae42d0bd19a0e1ad467ab84214f506651a3050a9e4?s=96&d=mm&r=g\",\"caption\":\"admin\"},\"sameAs\":[\"http:\/\/komora.development\"],\"url\":\"https:\/\/komora.me\/en\/author\/admin\"}]}<\/script>\n<!-- \/ Yoast SEO plugin. -->","yoast_head_json":{"title":"Coordination Board for Digital Transformation - Privredna komora Crne Gore","robots":{"index":"index","follow":"follow","max-snippet":"max-snippet:-1","max-image-preview":"max-image-preview:large","max-video-preview":"max-video-preview:-1"},"canonical":"https:\/\/komora.me\/en\/cem\/koordinacioni-odbor-za-digitalnu-transformaciju","og_locale":"en_US","og_type":"article","og_title":"Coordination Board for Digital Transformation - Privredna komora Crne Gore","og_description":"Secretary of the Coordination Board for Digital Transformation: Nada Rako\u010devi\u0107 nrakocevic@pkcg.org Members: Du\u0161an Radusinovi\u0107, predsjednik, MTEL Anja Ademovi\u0107, zamjenica predsjednika, Startup ekosistem (Digital Den) Branimir Bukili\u0107, OU ICT, Data Design Armend Milla, Ministarstvo ekonomskog razvoja i turizma Bojana Baji\u0107, Ministarstvo finansija Branko Mitrovi\u0107, ONE1 Danko Obradovi\u0107, Odbor za digitalnu transformaciju Unije poslodavaca Darko Globarevi\u0107, OU \u0161peditera, Zetatrans\u00a0 Darko Grgurovi\u0107, Agencija za elektronske komunikacije i po\u0161tansku djelatnost Igor Banovi\u0107, OU saobra\u0107aja, Jadro Pilot and Tug Services Dra\u017een Rai\u010dkovi\u0107, Odbor za digitalnu transformaciju AMM D\u017eevad Puri\u0161i\u0107 \u2013 Ministarstvo javne uprave Radenko Vujo\u0161evi\u0107, OU komunalne privrede, Komunalno \u2013 Lim Ivan Bojanovi\u0107, ICT komitet [&hellip;]","og_url":"https:\/\/komora.me\/en\/cem\/koordinacioni-odbor-za-digitalnu-transformaciju","og_site_name":"Privredna komora Crne Gore","article_published_time":"2022-01-01T07:13:42+00:00","article_modified_time":"2025-07-18T11:04:45+00:00","og_image":[{"width":660,"height":440,"url":"https:\/\/komora.me\/wp-content\/uploads\/2023\/05\/wDSC_0077.jpg","type":"image\/jpeg"}],"author":"admin","twitter_card":"summary_large_image","twitter_misc":{"Written by":"admin","Est. reading time":"2 minutes"},"schema":{"@context":"https:\/\/schema.org","@graph":[{"@type":"WebPage","@id":"https:\/\/komora.me\/en\/cem\/koordinacioni-odbor-za-digitalnu-transformaciju","url":"https:\/\/komora.me\/en\/cem\/koordinacioni-odbor-za-digitalnu-transformaciju","name":"Coordination Board for Digital Transformation - Privredna komora Crne Gore","isPartOf":{"@id":"https:\/\/komora.me\/#website"},"primaryImageOfPage":{"@id":"https:\/\/komora.me\/en\/cem\/koordinacioni-odbor-za-digitalnu-transformaciju#primaryimage"},"image":{"@id":"https:\/\/komora.me\/en\/cem\/koordinacioni-odbor-za-digitalnu-transformaciju#primaryimage"},"thumbnailUrl":"https:\/\/komora.me\/wp-content\/uploads\/2023\/05\/wDSC_0077.jpg","datePublished":"2022-01-01T07:13:42+00:00","dateModified":"2025-07-18T11:04:45+00:00","author":{"@id":"https:\/\/komora.me\/#\/schema\/person\/43ccfba8eedfb4e054149cad19756319"},"breadcrumb":{"@id":"https:\/\/komora.me\/en\/cem\/koordinacioni-odbor-za-digitalnu-transformaciju#breadcrumb"},"inLanguage":"en-US","potentialAction":[{"@type":"ReadAction","target":["https:\/\/komora.me\/en\/cem\/koordinacioni-odbor-za-digitalnu-transformaciju"]}]},{"@type":"ImageObject","inLanguage":"en-US","@id":"https:\/\/komora.me\/en\/cem\/koordinacioni-odbor-za-digitalnu-transformaciju#primaryimage","url":"https:\/\/komora.me\/wp-content\/uploads\/2023\/05\/wDSC_0077.jpg","contentUrl":"https:\/\/komora.me\/wp-content\/uploads\/2023\/05\/wDSC_0077.jpg","width":660,"height":440},{"@type":"BreadcrumbList","@id":"https:\/\/komora.me\/en\/cem\/koordinacioni-odbor-za-digitalnu-transformaciju#breadcrumb","itemListElement":[{"@type":"ListItem","position":1,"name":"Home","item":"https:\/\/komora.me\/en"},{"@type":"ListItem","position":2,"name":"Coordination Board for Digital Transformation"}]},{"@type":"WebSite","@id":"https:\/\/komora.me\/#website","url":"https:\/\/komora.me\/","name":"Privredna komora Crne Gore","description":"","potentialAction":[{"@type":"SearchAction","target":{"@type":"EntryPoint","urlTemplate":"https:\/\/komora.me\/?s={search_term_string}"},"query-input":{"@type":"PropertyValueSpecification","valueRequired":true,"valueName":"search_term_string"}}],"inLanguage":"en-US"},{"@type":"Person","@id":"https:\/\/komora.me\/#\/schema\/person\/43ccfba8eedfb4e054149cad19756319","name":"admin","image":{"@type":"ImageObject","inLanguage":"en-US","@id":"https:\/\/komora.me\/#\/schema\/person\/image\/","url":"https:\/\/secure.gravatar.com\/avatar\/4996fadaa67d1134d2ae12ae42d0bd19a0e1ad467ab84214f506651a3050a9e4?s=96&d=mm&r=g","contentUrl":"https:\/\/secure.gravatar.com\/avatar\/4996fadaa67d1134d2ae12ae42d0bd19a0e1ad467ab84214f506651a3050a9e4?s=96&d=mm&r=g","caption":"admin"},"sameAs":["http:\/\/komora.development"],"url":"https:\/\/komora.me\/en\/author\/admin"}]}},"_links":{"self":[{"href":"https:\/\/komora.me\/en\/wp-json\/wp\/v2\/posts\/15371","targetHints":{"allow":["GET"]}}],"collection":[{"href":"https:\/\/komora.me\/en\/wp-json\/wp\/v2\/posts"}],"about":[{"href":"https:\/\/komora.me\/en\/wp-json\/wp\/v2\/types\/post"}],"author":[{"embeddable":true,"href":"https:\/\/komora.me\/en\/wp-json\/wp\/v2\/users\/1"}],"replies":[{"embeddable":true,"href":"https:\/\/komora.me\/en\/wp-json\/wp\/v2\/comments?post=15371"}],"version-history":[{"count":3,"href":"https:\/\/komora.me\/en\/wp-json\/wp\/v2\/posts\/15371\/revisions"}],"predecessor-version":[{"id":15374,"href":"https:\/\/komora.me\/en\/wp-json\/wp\/v2\/posts\/15371\/revisions\/15374"}],"wp:featuredmedia":[{"embeddable":true,"href":"https:\/\/komora.me\/en\/wp-json\/wp\/v2\/media\/7329"}],"wp:attachment":[{"href":"https:\/\/komora.me\/en\/wp-json\/wp\/v2\/media?parent=15371"}],"wp:term":[{"taxonomy":"category","embeddable":true,"href":"https:\/\/komora.me\/en\/wp-json\/wp\/v2\/categories?post=15371"},{"taxonomy":"post_tag","embeddable":true,"href":"https:\/\/komora.me\/en\/wp-json\/wp\/v2\/tags?post=15371"}],"curies":[{"name":"wp","href":"https:\/\/api.w.org\/{rel}","templated":true}]}}