


{"id":15362,"date":"2022-01-01T07:12:50","date_gmt":"2022-01-01T07:12:50","guid":{"rendered":"https:\/\/komora.me\/uncategorized\/koordinacioni-odbor-farmaceutske-i-medicinske-privrede"},"modified":"2025-07-18T10:38:25","modified_gmt":"2025-07-18T10:38:25","slug":"koordinacioni-odbor-farmaceutske-i-medicinske-privrede","status":"publish","type":"post","link":"https:\/\/komora.me\/en\/cem\/koordinacioni-odbor-farmaceutske-i-medicinske-privrede","title":{"rendered":"Coordination Board for the Pharmaceutical and Medical Industry"},"content":{"rendered":"<p>The Secretary of the Coordination Board for the Pharmaceutical and Medical Industry is:<br \/>\nMilica Lazarevi\u0107 <a href=\"mailto:mtomasevic@pkcg.org\" target=\"_blank\" rel=\"noopener\">mtomasevic@pkcg.org<\/a><\/p>\n<p><strong>Members:<\/strong><\/p>\n<ol>\n<li>Petar Popovi\u0107, <em>president<\/em>, <a href=\"https:\/\/www.farmont.me\/\" target=\"_blank\" rel=\"noopener\">Farmont MP<\/a><\/li>\n<li>Milica Rai\u010dkovi\u0107, <em>deputy president<\/em>, Udru\u017eenje privatnih apoteka Farmacija plus<\/li>\n<li>Boris Kova\u010devi\u0107, <a href=\"https:\/\/www.hemofarm.com\/\" target=\"_blank\" rel=\"noopener\">Hemomont<\/a><\/li>\n<li>Branislava Rai\u010devi\u0107, <a href=\"https:\/\/farmegra.com\/\" target=\"_blank\" rel=\"noopener\">Farmegra<\/a><\/li>\n<li>Danilo Joki\u0107, <a href=\"https:\/\/www.dzpg.me\/\" target=\"_blank\" rel=\"noopener\">JZU Dom zdravlja<\/a><\/li>\n<li>Du\u0161anka Pra\u0161\u010devi\u0107, <a href=\"https:\/\/www.gov.me\/mzd\" target=\"_blank\" rel=\"noopener\">Ministarstvo zdravlja Crne Gore<\/a><\/li>\n<li>Filip Vukmirovi\u0107, <a href=\"https:\/\/kccg.me\/\" target=\"_blank\" rel=\"noopener\">Klini\u010dki centar Crne Gore<\/a><\/li>\n<li>Ivan \u0110urovi\u0107, <a href=\"https:\/\/www.veletex.com\/\" target=\"_blank\" rel=\"noopener\">Veletex<\/a><\/li>\n<li>Jelena Vra\u010dar, <a href=\"https:\/\/www.gov.me\/ubh\" target=\"_blank\" rel=\"noopener\">Uprava za bezbjednost hrane, veterinu i fitosanitarne poslove<\/a><\/li>\n<li>Katarina Bogavac, <a href=\"https:\/\/www.nelt.com\/en\/markets\/europe\/montenegro\/\" target=\"_blank\" rel=\"noopener\">Neregelia\u00a0<\/a><\/li>\n<li>Marija Vukoti\u0107, <a href=\"https:\/\/live.rochecg.me\/\" target=\"_blank\" rel=\"noopener\">Hoffmann La-Roche Ltd Podgorica<\/a><\/li>\n<li>Mira Konti\u0107, <a href=\"https:\/\/cinmed.me\/\" target=\"_blank\" rel=\"noopener\">Institut za ljekove i medicinska sredstva<\/a><\/li>\n<li>Nikola Golovi\u0107, <a href=\"https:\/\/www.instagram.com\/osmi.red\/\" target=\"_blank\" rel=\"noopener\">Osmi red &#8211; D<\/a><\/li>\n<li>Olgica Kne\u017eevi\u0107, <a href=\"https:\/\/fzocg.me\/\" target=\"_blank\" rel=\"noopener\">Fond za zdravstveno osiguranje Crne Gore<\/a><\/li>\n<li>Sne\u017eana Stankovi\u0107, <a href=\"https:\/\/fkcg.me\/\" target=\"_blank\" rel=\"noopener\">Farmaceutska komora Crne Gore<\/a><\/li>\n<li>Svetlana Vu\u010dekovi\u0107, <a href=\"https:\/\/drmedtim.me\/\" target=\"_blank\" rel=\"noopener\">PZU Specijalna bolnica Dr MedTIM<\/a><\/li>\n<li>Tamara Martinovi\u0107, <a href=\"https:\/\/www.teamedica.me\/\" target=\"_blank\" rel=\"noopener\">Tea medica<\/a><\/li>\n<li>Vladimir Nikaljevi\u0107, <a href=\"https:\/\/farmalab.me\/\" target=\"_blank\" rel=\"noopener\">Farmalab<\/a><\/li>\n<li>Vlado Martinovi\u0107, <a href=\"https:\/\/www.glosarij.me\/\" target=\"_blank\" rel=\"noopener\">Glosarij<\/a><\/li>\n<\/ol>\n","protected":false},"excerpt":{"rendered":"<p>The Secretary of the Coordination Board for the Pharmaceutical and Medical Industry is: Milica Lazarevi\u0107 mtomasevic@pkcg.org Members: Petar Popovi\u0107, president, Farmont MP Milica Rai\u010dkovi\u0107, deputy president, Udru\u017eenje privatnih apoteka Farmacija plus Boris Kova\u010devi\u0107, Hemomont Branislava Rai\u010devi\u0107, Farmegra Danilo Joki\u0107, JZU Dom zdravlja Du\u0161anka Pra\u0161\u010devi\u0107, Ministarstvo zdravlja Crne Gore Filip Vukmirovi\u0107, Klini\u010dki centar Crne Gore Ivan \u0110urovi\u0107, Veletex Jelena Vra\u010dar, Uprava za bezbjednost hrane, veterinu i fitosanitarne poslove Katarina Bogavac, Neregelia\u00a0 Marija Vukoti\u0107, Hoffmann La-Roche Ltd Podgorica Mira Konti\u0107, Institut za ljekove i medicinska sredstva Nikola Golovi\u0107, Osmi red &#8211; D Olgica Kne\u017eevi\u0107, Fond za zdravstveno osiguranje Crne Gore Sne\u017eana Stankovi\u0107, [&hellip;]<\/p>\n","protected":false},"author":1,"featured_media":7568,"comment_status":"open","ping_status":"open","sticky":false,"template":"","format":"standard","meta":{"footnotes":""},"categories":[111],"tags":[],"class_list":["post-15362","post","type-post","status-publish","format-standard","has-post-thumbnail","hentry","category-cem"],"acf":[],"yoast_head":"<!-- This site is optimized with the Yoast SEO plugin v26.3 - https:\/\/yoast.com\/wordpress\/plugins\/seo\/ -->\n<title>Coordination Board for the Pharmaceutical and Medical Industry - Privredna komora Crne Gore<\/title>\n<meta name=\"robots\" content=\"index, follow, max-snippet:-1, max-image-preview:large, max-video-preview:-1\" \/>\n<link rel=\"canonical\" href=\"https:\/\/komora.me\/en\/cem\/koordinacioni-odbor-farmaceutske-i-medicinske-privrede\" \/>\n<meta property=\"og:locale\" content=\"en_US\" \/>\n<meta property=\"og:type\" content=\"article\" \/>\n<meta property=\"og:title\" content=\"Coordination Board for the Pharmaceutical and Medical Industry - Privredna komora Crne Gore\" \/>\n<meta property=\"og:description\" content=\"The Secretary of the Coordination Board for the Pharmaceutical and Medical Industry is: Milica Lazarevi\u0107 mtomasevic@pkcg.org Members: Petar Popovi\u0107, president, Farmont MP Milica Rai\u010dkovi\u0107, deputy president, Udru\u017eenje privatnih apoteka Farmacija plus Boris Kova\u010devi\u0107, Hemomont Branislava Rai\u010devi\u0107, Farmegra Danilo Joki\u0107, JZU Dom zdravlja Du\u0161anka Pra\u0161\u010devi\u0107, Ministarstvo zdravlja Crne Gore Filip Vukmirovi\u0107, Klini\u010dki centar Crne Gore Ivan \u0110urovi\u0107, Veletex Jelena Vra\u010dar, Uprava za bezbjednost hrane, veterinu i fitosanitarne poslove Katarina Bogavac, Neregelia\u00a0 Marija Vukoti\u0107, Hoffmann La-Roche Ltd Podgorica Mira Konti\u0107, Institut za ljekove i medicinska sredstva Nikola Golovi\u0107, Osmi red &#8211; D Olgica Kne\u017eevi\u0107, Fond za zdravstveno osiguranje Crne Gore Sne\u017eana Stankovi\u0107, [&hellip;]\" \/>\n<meta property=\"og:url\" content=\"https:\/\/komora.me\/en\/cem\/koordinacioni-odbor-farmaceutske-i-medicinske-privrede\" \/>\n<meta property=\"og:site_name\" content=\"Privredna komora Crne Gore\" \/>\n<meta property=\"article:published_time\" content=\"2022-01-01T07:12:50+00:00\" \/>\n<meta property=\"article:modified_time\" content=\"2025-07-18T10:38:25+00:00\" \/>\n<meta property=\"og:image\" content=\"https:\/\/komora.me\/wp-content\/uploads\/2022\/01\/wimage00005.jpg\" \/>\n\t<meta property=\"og:image:width\" content=\"660\" \/>\n\t<meta property=\"og:image:height\" content=\"360\" \/>\n\t<meta property=\"og:image:type\" content=\"image\/jpeg\" \/>\n<meta name=\"author\" content=\"admin\" \/>\n<meta name=\"twitter:card\" content=\"summary_large_image\" \/>\n<meta name=\"twitter:label1\" content=\"Written by\" \/>\n\t<meta name=\"twitter:data1\" content=\"admin\" \/>\n\t<meta name=\"twitter:label2\" content=\"Est. reading time\" \/>\n\t<meta name=\"twitter:data2\" content=\"1 minute\" \/>\n<script type=\"application\/ld+json\" class=\"yoast-schema-graph\">{\"@context\":\"https:\/\/schema.org\",\"@graph\":[{\"@type\":\"WebPage\",\"@id\":\"https:\/\/komora.me\/en\/cem\/koordinacioni-odbor-farmaceutske-i-medicinske-privrede\",\"url\":\"https:\/\/komora.me\/en\/cem\/koordinacioni-odbor-farmaceutske-i-medicinske-privrede\",\"name\":\"Coordination Board for the Pharmaceutical and Medical Industry - Privredna komora Crne Gore\",\"isPartOf\":{\"@id\":\"https:\/\/komora.me\/#website\"},\"primaryImageOfPage\":{\"@id\":\"https:\/\/komora.me\/en\/cem\/koordinacioni-odbor-farmaceutske-i-medicinske-privrede#primaryimage\"},\"image\":{\"@id\":\"https:\/\/komora.me\/en\/cem\/koordinacioni-odbor-farmaceutske-i-medicinske-privrede#primaryimage\"},\"thumbnailUrl\":\"https:\/\/komora.me\/wp-content\/uploads\/2022\/01\/wimage00005.jpg\",\"datePublished\":\"2022-01-01T07:12:50+00:00\",\"dateModified\":\"2025-07-18T10:38:25+00:00\",\"author\":{\"@id\":\"https:\/\/komora.me\/#\/schema\/person\/43ccfba8eedfb4e054149cad19756319\"},\"breadcrumb\":{\"@id\":\"https:\/\/komora.me\/en\/cem\/koordinacioni-odbor-farmaceutske-i-medicinske-privrede#breadcrumb\"},\"inLanguage\":\"en-US\",\"potentialAction\":[{\"@type\":\"ReadAction\",\"target\":[\"https:\/\/komora.me\/en\/cem\/koordinacioni-odbor-farmaceutske-i-medicinske-privrede\"]}]},{\"@type\":\"ImageObject\",\"inLanguage\":\"en-US\",\"@id\":\"https:\/\/komora.me\/en\/cem\/koordinacioni-odbor-farmaceutske-i-medicinske-privrede#primaryimage\",\"url\":\"https:\/\/komora.me\/wp-content\/uploads\/2022\/01\/wimage00005.jpg\",\"contentUrl\":\"https:\/\/komora.me\/wp-content\/uploads\/2022\/01\/wimage00005.jpg\",\"width\":660,\"height\":360},{\"@type\":\"BreadcrumbList\",\"@id\":\"https:\/\/komora.me\/en\/cem\/koordinacioni-odbor-farmaceutske-i-medicinske-privrede#breadcrumb\",\"itemListElement\":[{\"@type\":\"ListItem\",\"position\":1,\"name\":\"Home\",\"item\":\"https:\/\/komora.me\/en\"},{\"@type\":\"ListItem\",\"position\":2,\"name\":\"Coordination Board for the Pharmaceutical and Medical Industry\"}]},{\"@type\":\"WebSite\",\"@id\":\"https:\/\/komora.me\/#website\",\"url\":\"https:\/\/komora.me\/\",\"name\":\"Privredna komora Crne Gore\",\"description\":\"\",\"potentialAction\":[{\"@type\":\"SearchAction\",\"target\":{\"@type\":\"EntryPoint\",\"urlTemplate\":\"https:\/\/komora.me\/?s={search_term_string}\"},\"query-input\":{\"@type\":\"PropertyValueSpecification\",\"valueRequired\":true,\"valueName\":\"search_term_string\"}}],\"inLanguage\":\"en-US\"},{\"@type\":\"Person\",\"@id\":\"https:\/\/komora.me\/#\/schema\/person\/43ccfba8eedfb4e054149cad19756319\",\"name\":\"admin\",\"image\":{\"@type\":\"ImageObject\",\"inLanguage\":\"en-US\",\"@id\":\"https:\/\/komora.me\/#\/schema\/person\/image\/\",\"url\":\"https:\/\/secure.gravatar.com\/avatar\/4996fadaa67d1134d2ae12ae42d0bd19a0e1ad467ab84214f506651a3050a9e4?s=96&d=mm&r=g\",\"contentUrl\":\"https:\/\/secure.gravatar.com\/avatar\/4996fadaa67d1134d2ae12ae42d0bd19a0e1ad467ab84214f506651a3050a9e4?s=96&d=mm&r=g\",\"caption\":\"admin\"},\"sameAs\":[\"http:\/\/komora.development\"],\"url\":\"https:\/\/komora.me\/en\/author\/admin\"}]}<\/script>\n<!-- \/ Yoast SEO plugin. -->","yoast_head_json":{"title":"Coordination Board for the Pharmaceutical and Medical Industry - Privredna komora Crne Gore","robots":{"index":"index","follow":"follow","max-snippet":"max-snippet:-1","max-image-preview":"max-image-preview:large","max-video-preview":"max-video-preview:-1"},"canonical":"https:\/\/komora.me\/en\/cem\/koordinacioni-odbor-farmaceutske-i-medicinske-privrede","og_locale":"en_US","og_type":"article","og_title":"Coordination Board for the Pharmaceutical and Medical Industry - Privredna komora Crne Gore","og_description":"The Secretary of the Coordination Board for the Pharmaceutical and Medical Industry is: Milica Lazarevi\u0107 mtomasevic@pkcg.org Members: Petar Popovi\u0107, president, Farmont MP Milica Rai\u010dkovi\u0107, deputy president, Udru\u017eenje privatnih apoteka Farmacija plus Boris Kova\u010devi\u0107, Hemomont Branislava Rai\u010devi\u0107, Farmegra Danilo Joki\u0107, JZU Dom zdravlja Du\u0161anka Pra\u0161\u010devi\u0107, Ministarstvo zdravlja Crne Gore Filip Vukmirovi\u0107, Klini\u010dki centar Crne Gore Ivan \u0110urovi\u0107, Veletex Jelena Vra\u010dar, Uprava za bezbjednost hrane, veterinu i fitosanitarne poslove Katarina Bogavac, Neregelia\u00a0 Marija Vukoti\u0107, Hoffmann La-Roche Ltd Podgorica Mira Konti\u0107, Institut za ljekove i medicinska sredstva Nikola Golovi\u0107, Osmi red &#8211; D Olgica Kne\u017eevi\u0107, Fond za zdravstveno osiguranje Crne Gore Sne\u017eana Stankovi\u0107, [&hellip;]","og_url":"https:\/\/komora.me\/en\/cem\/koordinacioni-odbor-farmaceutske-i-medicinske-privrede","og_site_name":"Privredna komora Crne Gore","article_published_time":"2022-01-01T07:12:50+00:00","article_modified_time":"2025-07-18T10:38:25+00:00","og_image":[{"width":660,"height":360,"url":"https:\/\/komora.me\/wp-content\/uploads\/2022\/01\/wimage00005.jpg","type":"image\/jpeg"}],"author":"admin","twitter_card":"summary_large_image","twitter_misc":{"Written by":"admin","Est. reading time":"1 minute"},"schema":{"@context":"https:\/\/schema.org","@graph":[{"@type":"WebPage","@id":"https:\/\/komora.me\/en\/cem\/koordinacioni-odbor-farmaceutske-i-medicinske-privrede","url":"https:\/\/komora.me\/en\/cem\/koordinacioni-odbor-farmaceutske-i-medicinske-privrede","name":"Coordination Board for the Pharmaceutical and Medical Industry - Privredna komora Crne Gore","isPartOf":{"@id":"https:\/\/komora.me\/#website"},"primaryImageOfPage":{"@id":"https:\/\/komora.me\/en\/cem\/koordinacioni-odbor-farmaceutske-i-medicinske-privrede#primaryimage"},"image":{"@id":"https:\/\/komora.me\/en\/cem\/koordinacioni-odbor-farmaceutske-i-medicinske-privrede#primaryimage"},"thumbnailUrl":"https:\/\/komora.me\/wp-content\/uploads\/2022\/01\/wimage00005.jpg","datePublished":"2022-01-01T07:12:50+00:00","dateModified":"2025-07-18T10:38:25+00:00","author":{"@id":"https:\/\/komora.me\/#\/schema\/person\/43ccfba8eedfb4e054149cad19756319"},"breadcrumb":{"@id":"https:\/\/komora.me\/en\/cem\/koordinacioni-odbor-farmaceutske-i-medicinske-privrede#breadcrumb"},"inLanguage":"en-US","potentialAction":[{"@type":"ReadAction","target":["https:\/\/komora.me\/en\/cem\/koordinacioni-odbor-farmaceutske-i-medicinske-privrede"]}]},{"@type":"ImageObject","inLanguage":"en-US","@id":"https:\/\/komora.me\/en\/cem\/koordinacioni-odbor-farmaceutske-i-medicinske-privrede#primaryimage","url":"https:\/\/komora.me\/wp-content\/uploads\/2022\/01\/wimage00005.jpg","contentUrl":"https:\/\/komora.me\/wp-content\/uploads\/2022\/01\/wimage00005.jpg","width":660,"height":360},{"@type":"BreadcrumbList","@id":"https:\/\/komora.me\/en\/cem\/koordinacioni-odbor-farmaceutske-i-medicinske-privrede#breadcrumb","itemListElement":[{"@type":"ListItem","position":1,"name":"Home","item":"https:\/\/komora.me\/en"},{"@type":"ListItem","position":2,"name":"Coordination Board for the Pharmaceutical and Medical Industry"}]},{"@type":"WebSite","@id":"https:\/\/komora.me\/#website","url":"https:\/\/komora.me\/","name":"Privredna komora Crne Gore","description":"","potentialAction":[{"@type":"SearchAction","target":{"@type":"EntryPoint","urlTemplate":"https:\/\/komora.me\/?s={search_term_string}"},"query-input":{"@type":"PropertyValueSpecification","valueRequired":true,"valueName":"search_term_string"}}],"inLanguage":"en-US"},{"@type":"Person","@id":"https:\/\/komora.me\/#\/schema\/person\/43ccfba8eedfb4e054149cad19756319","name":"admin","image":{"@type":"ImageObject","inLanguage":"en-US","@id":"https:\/\/komora.me\/#\/schema\/person\/image\/","url":"https:\/\/secure.gravatar.com\/avatar\/4996fadaa67d1134d2ae12ae42d0bd19a0e1ad467ab84214f506651a3050a9e4?s=96&d=mm&r=g","contentUrl":"https:\/\/secure.gravatar.com\/avatar\/4996fadaa67d1134d2ae12ae42d0bd19a0e1ad467ab84214f506651a3050a9e4?s=96&d=mm&r=g","caption":"admin"},"sameAs":["http:\/\/komora.development"],"url":"https:\/\/komora.me\/en\/author\/admin"}]}},"_links":{"self":[{"href":"https:\/\/komora.me\/en\/wp-json\/wp\/v2\/posts\/15362","targetHints":{"allow":["GET"]}}],"collection":[{"href":"https:\/\/komora.me\/en\/wp-json\/wp\/v2\/posts"}],"about":[{"href":"https:\/\/komora.me\/en\/wp-json\/wp\/v2\/types\/post"}],"author":[{"embeddable":true,"href":"https:\/\/komora.me\/en\/wp-json\/wp\/v2\/users\/1"}],"replies":[{"embeddable":true,"href":"https:\/\/komora.me\/en\/wp-json\/wp\/v2\/comments?post=15362"}],"version-history":[{"count":2,"href":"https:\/\/komora.me\/en\/wp-json\/wp\/v2\/posts\/15362\/revisions"}],"predecessor-version":[{"id":15364,"href":"https:\/\/komora.me\/en\/wp-json\/wp\/v2\/posts\/15362\/revisions\/15364"}],"wp:featuredmedia":[{"embeddable":true,"href":"https:\/\/komora.me\/en\/wp-json\/wp\/v2\/media\/7568"}],"wp:attachment":[{"href":"https:\/\/komora.me\/en\/wp-json\/wp\/v2\/media?parent=15362"}],"wp:term":[{"taxonomy":"category","embeddable":true,"href":"https:\/\/komora.me\/en\/wp-json\/wp\/v2\/categories?post=15362"},{"taxonomy":"post_tag","embeddable":true,"href":"https:\/\/komora.me\/en\/wp-json\/wp\/v2\/tags?post=15362"}],"curies":[{"name":"wp","href":"https:\/\/api.w.org\/{rel}","templated":true}]}}